{"id":1293,"date":"2019-01-16T09:58:14","date_gmt":"2019-01-16T07:58:14","guid":{"rendered":"https:\/\/polkky.com\/?p=1293"},"modified":"2019-02-19T14:17:22","modified_gmt":"2019-02-19T12:17:22","slug":"metsa-ei-ole-pikavoittoja-varten","status":"publish","type":"post","link":"https:\/\/polkky.com\/fi\/artikkelit\/tarinat\/metsa-ei-ole-pikavoittoja-varten\/","title":{"rendered":"Mets\u00e4 ei ole pikavoittoja varten"},"content":{"rendered":"<p><img loading=\"lazy\" class=\"alignnone size-full wp-image-1303\" src=\"https:\/\/polkky.com\/wp-content\/uploads\/2019\/01\/polkky-news-vatanen.jpg\" alt=\"\" width=\"1200\" height=\"668\" srcset=\"https:\/\/polkky.com\/wp-content\/uploads\/2019\/01\/polkky-news-vatanen.jpg 1200w, https:\/\/polkky.com\/wp-content\/uploads\/2019\/01\/polkky-news-vatanen-300x167.jpg 300w, https:\/\/polkky.com\/wp-content\/uploads\/2019\/01\/polkky-news-vatanen-768x428.jpg 768w, https:\/\/polkky.com\/wp-content\/uploads\/2019\/01\/polkky-news-vatanen-1024x570.jpg 1024w\" sizes=\"(max-width: 1200px) 100vw, 1200px\" \/><\/p>\n<p>Ollaan Puolangan ja Paltamon rajalla, Keskisen rannan tuntumassa ja n\u00e4yttelij\u00e4 <strong>Jussi Vatasen<\/strong> 26 hehtaarin mets\u00e4palstalla. Omistaja itse on tullut savotalleen seuraamaan hakkuut\u00f6iden k\u00e4ynnistymist\u00e4. Hakkuun kohteena on noin 14 hehtaarin alue ja puut myyd\u00e4\u00e4n P\u00f6lkky Mets\u00e4lle.<\/p>\n<p>Mets\u00e4nomistajana suomalaisten syd\u00e4miin n\u00e4ytellyt Vatanen ei ole ummikko. H\u00e4n on varttunut Sonkaj\u00e4rvell\u00e4 maatalonpoikana ja kulkenut pienest\u00e4 pit\u00e4en is\u00e4ns\u00e4 ja veljens\u00e4 mukana mets\u00e4t\u00f6iss\u00e4.\u00a0Kotitilalla tehd\u00e4\u00e4n parhaillaan sukupolvenvaihdosta ja mets\u00e4 omaisuus on siirtym\u00e4ss\u00e4 seuraavalle sukupolvelle. Yhtym\u00e4st\u00e4 suunnitellaan Vatasten yhteismets\u00e4\u00e4.<\/p>\n<p>\u2013 Mets\u00e4nomistajana olen aika tiedostava. Olen hoitanut taimikoita, levitt\u00e4nyt hirvikarkotetta ja osallistunut kotitilani mets\u00e4nhoitoon mahdollisuuksieni mukaan, Jussi Vatanen kertoo.<\/p>\n<h2>Iloa ja hy\u00f6ty\u00e4 my\u00f6s tuleville sukupolville<\/h2>\n<p>H\u00e4n sanoo olevansa vilpitt\u00f6m\u00e4n kiinnostunut siit\u00e4, miten mets\u00e4\u00e4 hoidetaan. P\u00f6lkky Mets\u00e4n ja 40-vuotiaan mets\u00e4nmyyj\u00e4n toimintaperiaatteet istuvat hyvin yhteen.<\/p>\n<p>\u2013 Haluan hoitaa metsi\u00e4ni kest\u00e4v\u00e4sti ja siten, ett\u00e4 niist\u00e4 olisi iloa ja hy\u00f6ty\u00e4 my\u00f6s tuleville sukupolville. Yrit\u00e4n v\u00e4ltt\u00e4\u00e4 ajattelua, ett\u00e4 mets\u00e4st\u00e4 oltaisiin lunastamassa pikavoittoja. P\u00e4\u00e4m\u00e4\u00e4r\u00e4n pit\u00e4\u00e4 olla kauempana, sill\u00e4 mets\u00e4 on lainassa meill\u00e4 seuraavalta sukupolvelta. Nyt on minun vuoroni hallinnoida ja hoitaa mets\u00e4\u00e4 parhaan tietotaitoni mukaan.<\/p>\n<p>Puolangan 26 hehtaarin suuruisen palstan Vatanen hankki kaksi vuotta sitten. Netist\u00e4 vastaan tullut myyntitarjous vastasi ostajan toiveita ja kun sijainti ja hinta olivat kohdallaan, oli kaupat helppo tehd\u00e4.<\/p>\n<p>\u2013 Et\u00e4isyydelt\u00e4\u00e4n t\u00e4m\u00e4 on viel\u00e4 hallittavissa. Vaikka asun Helsingiss\u00e4, haluan osallistua metsieni hoitoon my\u00f6s itse.<\/p>\n<h2>Monipuolista mets\u00e4nhoitoa<\/h2>\n<p>Hakkuu- ja harvennusty\u00f6t Vatasen Puolangan palstalla alkoivat joulukuun alussa. Palstalle hakataan kaksi pient\u00e4 aukkoa ja muutoin tehd\u00e4\u00e4n v\u00e4ltt\u00e4m\u00e4tt\u00f6mi\u00e4 yl\u00e4- ja alaharvennuksia. Vanhan hakkuusuunnitelman Vatanen p\u00e4ivitti yhdess\u00e4 P\u00f6lkky Mets\u00e4n hankintaesimies Jukka Heikkisen kanssa.<\/p>\n<p>\u2013 Vaihdoimme n\u00e4kemyksi\u00e4mme ja hyvin nopeasti olisimme yksimielisi\u00e4 siit\u00e4, mit\u00e4 palstalla kannatta tehd\u00e4. Uusi mets\u00e4laki antaa mets\u00e4nomistajalle mahdollisuuden aiempaa monipuolisempaan mets\u00e4nk\u00e4sittelyyn ja n\u00e4m\u00e4 mahdollisuudet olemme ottaneet leimikossa huomioon. T\u00e4t\u00e4 palstaa hoidetaan monella eri tavalla puustosta ja juurimets\u00e4st\u00e4 riippuen, Heikkinen kertoo.<\/p>\n<p>Heikkisen mukaan uudet mets\u00e4nk\u00e4sittelymahdollisuudet kiinnostavat ja jatkuvan kasvatuksen periaate innostaa erityisesti nuorempia mets\u00e4nomistajia.<\/p>\n<div id=\"attachment_1306\" style=\"width: 1210px\" class=\"wp-caption alignnone\"><img aria-describedby=\"caption-attachment-1306\" loading=\"lazy\" class=\"wp-image-1306 size-full\" src=\"https:\/\/polkky.com\/wp-content\/uploads\/2019\/01\/polkky-news-vatanen-2.jpg\" alt=\"\" width=\"1200\" height=\"668\" srcset=\"https:\/\/polkky.com\/wp-content\/uploads\/2019\/01\/polkky-news-vatanen-2.jpg 1200w, https:\/\/polkky.com\/wp-content\/uploads\/2019\/01\/polkky-news-vatanen-2-300x167.jpg 300w, https:\/\/polkky.com\/wp-content\/uploads\/2019\/01\/polkky-news-vatanen-2-768x428.jpg 768w, https:\/\/polkky.com\/wp-content\/uploads\/2019\/01\/polkky-news-vatanen-2-1024x570.jpg 1024w\" sizes=\"(max-width: 1200px) 100vw, 1200px\" \/><p id=\"caption-attachment-1306\" class=\"wp-caption-text\">Jussi Vatanen oli seuraamassa is\u00e4ns\u00e4 Matti Vatasen kanssa savottat\u00f6iden k\u00e4ynnistymist\u00e4 mets\u00e4palstallaan Puolangalla. Mukana oli my\u00f6s P\u00f6lkky Mets\u00e4n hankintaesimies Jukka Heikkinen Kajaanista.<\/p><\/div>\n<h2>Koeajot motolla ja ajokoneella<\/h2>\n<p>Vatanen on tyytyv\u00e4inen yhteisty\u00f6h\u00f6n P\u00f6lkky Mets\u00e4n kanssa. H\u00e4n sanoo oppineensa n\u00e4yttelij\u00e4n\u00e4 sen, ett\u00e4 pit\u00e4\u00e4 pysty\u00e4 kysym\u00e4\u00e4n my\u00f6s tyhmi\u00e4 kysymyksi\u00e4. Yl\u00e4-Savosta Kainuun puolelle ei ole pitk\u00e4 matka, mutta mets\u00e4t kasvavat erityyppisesti.<\/p>\n<p>\u2013 Olen kysynyt ja aina Jukka on vastannut. Paljon olen t\u00e4ll\u00e4kin matkalla oppinut, savottamies hymyilee astuessaan ulos hakkuukoneesta.<\/p>\n<p>Ajokokemus motolla oli Vatasen ensimm\u00e4inen, kuten oli my\u00f6s seuraavaksi tehty koeajo ajokoneella. Hyvin siirtyiv\u00e4t tukit maastosta koneen kyytiin!<\/p>\n<p>Puolangan palstallaan mets\u00e4nomistaja on vieraillut viime vuosien aikana tiuhaan. Keskisen maisemiin tehtiin yhteisty\u00f6ss\u00e4 alueen muiden mets\u00e4nomistajien kanssa mets\u00e4autotie, joka on osoittautunut kest\u00e4v\u00e4ksi, vaikka talven tulo routineen on viipynytkin.<\/p>\n<p>\u2013 Suunnitelma hakkuista oli my\u00f6s hyv\u00e4 syy vierailla palstalla. Paikan p\u00e4\u00e4ll\u00e4 tilanteen hahmottaa aivan eri tavalla kuin kartalla.<\/p>\n<h2>Paikallinen saha miellytt\u00e4v\u00e4 kumppani<\/h2>\n<p>Mets\u00e4nomistaja Vatanen p\u00e4\u00e4tyi myym\u00e4\u00e4n puunsa P\u00f6lkylle paitsi kilpailukykyisen hinnan, my\u00f6s periaatteensa vuoksi.<\/p>\n<p>\u2013 Koen, ett\u00e4 paikallinen saha on miellytt\u00e4v\u00e4mpi yhteisty\u00f6kumppani kuin kasvoton sellutehdas. Arvostan P\u00f6lkky\u00e4 alueellisena toimijana, joka on my\u00f6s merkitt\u00e4v\u00e4 ty\u00f6llist\u00e4j\u00e4 ja luo henke\u00e4 elinkeinoel\u00e4m\u00e4\u00e4n. Yhteisty\u00f6 on toiminut erinomaisesti, Vatanen kiittelee.<\/p>\n<p class=\"p1\">Vatasen palstalta kaadetut puut sahataan P\u00f6lkyn sahoilla Kajaanissa ja Taivalkoskella. Kajaanissa sahattavat suuremmat tukit l\u00e4htev\u00e4t todenn\u00e4k\u00f6isesti Japaniin ja Kiinaan. Taivalkosken Ulea-saha on keskittynyt pienempil\u00e4pimittaiseen tukkiin, ja siell\u00e4 sahattavat tuotteet p\u00e4\u00e4tyv\u00e4t kotimaahan, Japaniin ja jopa Amerikkaan asti.<\/p>\n<h2>Kansallisteatterissa ja Stella Polariksessa<\/h2>\n<p>Jussi Vatanen sanoo olevansa ammatti-identiteetilt\u00e4\u00e4n n\u00e4yttelij\u00e4, mutta yritt\u00e4j\u00e4n\u00e4 sekaty\u00f6l\u00e4inen.<\/p>\n<p>\u2013 Mets\u00e4nomistajuus osuu hyvin toimenkuvaani, h\u00e4n kiteytt\u00e4\u00e4.<\/p>\n<p>Vatanen on palkittu kaksi kertaa\u00a0Suomen parhaana miesn\u00e4yttelij\u00e4n\u00e4 Kultaisella Venlalla. Sympaattinen n\u00e4yttelij\u00e4 tunnetaan muun muassa elokuvarooleistaan Napapiirin sankareiden Jannena\u00a0ja Tuntemattoman sotilaan\u00a0Koskelana. Ansioluetteloon mahtuu lis\u00e4ksi monenlaisia teatterirooleja ja Putous-rooleja.<\/p>\n<p>Parhaillaan mies n\u00e4yttelee Kansallisteatterissa Paavo Westerbergin ohjaamassa T\u0161ehovin Kolmessa sisaressa. Yhtym\u00e4kohtia mets\u00e4\u00e4n l\u00f6ytyy my\u00f6s n\u00e4ytt\u00e4m\u00f6lt\u00e4.<\/p>\n<p>\u2013 Roolihenkil\u00f6ni pohtii tulevaisuuttaan parinsadan vuoden p\u00e4\u00e4h\u00e4n. Tulevaisuutta mietin min\u00e4kin, mutta lyhyemm\u00e4ll\u00e4 aikaj\u00e4nteell\u00e4. Kukaan meist\u00e4 ei viel\u00e4 tied\u00e4, mik\u00e4 esimerkiksi metsien arvo ja merkitys on 20 vuoden kuluttua. Voi hyvinkin olla, ett\u00e4 koko hy\u00f6dynt\u00e4mistapa muuttuu ja mets\u00e4 saa aivan uudenlaisia arvoja. Meilt\u00e4 kaikilta vaaditaan kaukon\u00e4k\u00f6isyytt\u00e4.<\/p>\n<p>N\u00e4yttelij\u00e4 toivottaa kaikki metsien miehetkin tervetulleiksi Kansallisteatterin Kolmeen Sisareen. Marraskuussa ensi-iltansa saanutta Kolmea sisarta esitet\u00e4\u00e4n kev\u00e4\u00e4seen saakka. Sen j\u00e4lkeen Vatanen l\u00e4htee mukaan improvisaatioteatteri Stella Polariksen n\u00e4yt\u00f6skauteen.<\/p>\n<p>Samanaikaisesti suunnitellaan sisarusten kanssa pelto- ja mets\u00e4t\u00f6it\u00e4 kotitilalle Sonkaj\u00e4rven Sukevalla. Puukauppoja P\u00f6lkyn kanssa tehd\u00e4\u00e4n my\u00f6s Sonkaj\u00e4rven metsiss\u00e4.<\/p>\n","protected":false},"excerpt":{"rendered":"<p>N\u00e4yttelij\u00e4 ja mets\u00e4nomistaja Jussi Vatanen arvostaa P\u00f6lkky Mets\u00e4n toimintaperiaatetta.<\/p>\n","protected":false},"author":2,"featured_media":1300,"comment_status":"closed","ping_status":"closed","sticky":false,"template":"","format":"standard","meta":{"inline_featured_image":false},"categories":[21],"tags":[],"acf":[],"yoast_head":"<!-- This site is optimized with the Yoast SEO plugin v20.6 - https:\/\/yoast.com\/wordpress\/plugins\/seo\/ -->\n<title>Mets\u00e4 ei ole pikavoittoja varten - Po\u0308lkky<\/title>\n<meta name=\"robots\" content=\"index, follow, max-snippet:-1, max-image-preview:large, max-video-preview:-1\" \/>\n<link rel=\"canonical\" href=\"https:\/\/polkky.com\/fi\/artikkelit\/tarinat\/metsa-ei-ole-pikavoittoja-varten\/\" \/>\n<meta property=\"og:locale\" content=\"fi_FI\" \/>\n<meta property=\"og:type\" content=\"article\" \/>\n<meta property=\"og:title\" content=\"Mets\u00e4 ei ole pikavoittoja varten - Po\u0308lkky\" \/>\n<meta property=\"og:description\" content=\"N\u00e4yttelij\u00e4 ja mets\u00e4nomistaja Jussi Vatanen arvostaa P\u00f6lkky Mets\u00e4n toimintaperiaatetta.\" \/>\n<meta property=\"og:url\" content=\"https:\/\/polkky.com\/fi\/artikkelit\/tarinat\/metsa-ei-ole-pikavoittoja-varten\/\" \/>\n<meta property=\"og:site_name\" content=\"Po\u0308lkky\" \/>\n<meta property=\"article:publisher\" content=\"https:\/\/www.facebook.com\/P%c3%b6lkky-Oy-201264536571431\/\" \/>\n<meta property=\"article:published_time\" content=\"2019-01-16T07:58:14+00:00\" \/>\n<meta property=\"article:modified_time\" content=\"2019-02-19T12:17:22+00:00\" \/>\n<meta property=\"og:image\" content=\"https:\/\/polkky.com\/wp-content\/uploads\/2019\/01\/polkky-featured-vatanen.jpg\" \/>\n\t<meta property=\"og:image:width\" content=\"700\" \/>\n\t<meta property=\"og:image:height\" content=\"300\" \/>\n\t<meta property=\"og:image:type\" content=\"image\/jpeg\" \/>\n<meta name=\"author\" content=\"Niko Vesalainen\" \/>\n<meta name=\"twitter:card\" content=\"summary_large_image\" \/>\n<meta name=\"twitter:label1\" content=\"Kirjoittanut\" \/>\n\t<meta name=\"twitter:data1\" content=\"Niko Vesalainen\" \/>\n\t<meta name=\"twitter:label2\" content=\"Arvioitu lukuaika\" \/>\n\t<meta name=\"twitter:data2\" content=\"4 minuuttia\" \/>\n<script type=\"application\/ld+json\" class=\"yoast-schema-graph\">{\"@context\":\"https:\/\/schema.org\",\"@graph\":[{\"@type\":\"Article\",\"@id\":\"https:\/\/polkky.com\/fi\/artikkelit\/tarinat\/metsa-ei-ole-pikavoittoja-varten\/#article\",\"isPartOf\":{\"@id\":\"https:\/\/polkky.com\/fi\/artikkelit\/tarinat\/metsa-ei-ole-pikavoittoja-varten\/\"},\"author\":{\"name\":\"Niko Vesalainen\",\"@id\":\"https:\/\/polkky.com\/#\/schema\/person\/b8c4867b6c6bcce5da15667ea8598b5e\"},\"headline\":\"Mets\u00e4 ei ole pikavoittoja varten\",\"datePublished\":\"2019-01-16T07:58:14+00:00\",\"dateModified\":\"2019-02-19T12:17:22+00:00\",\"mainEntityOfPage\":{\"@id\":\"https:\/\/polkky.com\/fi\/artikkelit\/tarinat\/metsa-ei-ole-pikavoittoja-varten\/\"},\"wordCount\":832,\"publisher\":{\"@id\":\"https:\/\/polkky.com\/#organization\"},\"articleSection\":[\"P\u00f6lkyn tarinat\"],\"inLanguage\":\"fi\"},{\"@type\":\"WebPage\",\"@id\":\"https:\/\/polkky.com\/fi\/artikkelit\/tarinat\/metsa-ei-ole-pikavoittoja-varten\/\",\"url\":\"https:\/\/polkky.com\/fi\/artikkelit\/tarinat\/metsa-ei-ole-pikavoittoja-varten\/\",\"name\":\"Mets\u00e4 ei ole pikavoittoja varten - Po\u0308lkky\",\"isPartOf\":{\"@id\":\"https:\/\/polkky.com\/#website\"},\"datePublished\":\"2019-01-16T07:58:14+00:00\",\"dateModified\":\"2019-02-19T12:17:22+00:00\",\"breadcrumb\":{\"@id\":\"https:\/\/polkky.com\/fi\/artikkelit\/tarinat\/metsa-ei-ole-pikavoittoja-varten\/#breadcrumb\"},\"inLanguage\":\"fi\",\"potentialAction\":[{\"@type\":\"ReadAction\",\"target\":[\"https:\/\/polkky.com\/fi\/artikkelit\/tarinat\/metsa-ei-ole-pikavoittoja-varten\/\"]}]},{\"@type\":\"BreadcrumbList\",\"@id\":\"https:\/\/polkky.com\/fi\/artikkelit\/tarinat\/metsa-ei-ole-pikavoittoja-varten\/#breadcrumb\",\"itemListElement\":[{\"@type\":\"ListItem\",\"position\":1,\"name\":\"Home\",\"item\":\"https:\/\/polkky.com\/fi\/\"},{\"@type\":\"ListItem\",\"position\":2,\"name\":\"Mets\u00e4 ei ole pikavoittoja varten\"}]},{\"@type\":\"WebSite\",\"@id\":\"https:\/\/polkky.com\/#website\",\"url\":\"https:\/\/polkky.com\/\",\"name\":\"Po\u0308lkky\",\"description\":\"\",\"publisher\":{\"@id\":\"https:\/\/polkky.com\/#organization\"},\"potentialAction\":[{\"@type\":\"SearchAction\",\"target\":{\"@type\":\"EntryPoint\",\"urlTemplate\":\"https:\/\/polkky.com\/?s={search_term_string}\"},\"query-input\":\"required name=search_term_string\"}],\"inLanguage\":\"fi\"},{\"@type\":\"Organization\",\"@id\":\"https:\/\/polkky.com\/#organization\",\"name\":\"P\u00f6lkky Oy\",\"url\":\"https:\/\/polkky.com\/\",\"logo\":{\"@type\":\"ImageObject\",\"inLanguage\":\"fi\",\"@id\":\"https:\/\/polkky.com\/#\/schema\/logo\/image\/\",\"url\":\"https:\/\/polkky.com\/wp-content\/uploads\/2018\/09\/logo-small.svg\",\"contentUrl\":\"https:\/\/polkky.com\/wp-content\/uploads\/2018\/09\/logo-small.svg\",\"width\":119,\"height\":24,\"caption\":\"P\u00f6lkky Oy\"},\"image\":{\"@id\":\"https:\/\/polkky.com\/#\/schema\/logo\/image\/\"},\"sameAs\":[\"https:\/\/www.facebook.com\/P\u00f6lkky-Oy-201264536571431\/\",\"https:\/\/www.linkedin.com\/company\/polkky\"]},{\"@type\":\"Person\",\"@id\":\"https:\/\/polkky.com\/#\/schema\/person\/b8c4867b6c6bcce5da15667ea8598b5e\",\"name\":\"Niko Vesalainen\",\"image\":{\"@type\":\"ImageObject\",\"inLanguage\":\"fi\",\"@id\":\"https:\/\/polkky.com\/#\/schema\/person\/image\/\",\"url\":\"https:\/\/secure.gravatar.com\/avatar\/08a0491265ca65b12418bbb68de6587f?s=96&d=mm&r=g\",\"contentUrl\":\"https:\/\/secure.gravatar.com\/avatar\/08a0491265ca65b12418bbb68de6587f?s=96&d=mm&r=g\",\"caption\":\"Niko Vesalainen\"}}]}<\/script>\n<!-- \/ Yoast SEO plugin. -->","yoast_head_json":{"title":"Mets\u00e4 ei ole pikavoittoja varten - Po\u0308lkky","robots":{"index":"index","follow":"follow","max-snippet":"max-snippet:-1","max-image-preview":"max-image-preview:large","max-video-preview":"max-video-preview:-1"},"canonical":"https:\/\/polkky.com\/fi\/artikkelit\/tarinat\/metsa-ei-ole-pikavoittoja-varten\/","og_locale":"fi_FI","og_type":"article","og_title":"Mets\u00e4 ei ole pikavoittoja varten - Po\u0308lkky","og_description":"N\u00e4yttelij\u00e4 ja mets\u00e4nomistaja Jussi Vatanen arvostaa P\u00f6lkky Mets\u00e4n toimintaperiaatetta.","og_url":"https:\/\/polkky.com\/fi\/artikkelit\/tarinat\/metsa-ei-ole-pikavoittoja-varten\/","og_site_name":"Po\u0308lkky","article_publisher":"https:\/\/www.facebook.com\/P%c3%b6lkky-Oy-201264536571431\/","article_published_time":"2019-01-16T07:58:14+00:00","article_modified_time":"2019-02-19T12:17:22+00:00","og_image":[{"width":700,"height":300,"url":"https:\/\/polkky.com\/wp-content\/uploads\/2019\/01\/polkky-featured-vatanen.jpg","type":"image\/jpeg"}],"author":"Niko Vesalainen","twitter_card":"summary_large_image","twitter_misc":{"Kirjoittanut":"Niko Vesalainen","Arvioitu lukuaika":"4 minuuttia"},"schema":{"@context":"https:\/\/schema.org","@graph":[{"@type":"Article","@id":"https:\/\/polkky.com\/fi\/artikkelit\/tarinat\/metsa-ei-ole-pikavoittoja-varten\/#article","isPartOf":{"@id":"https:\/\/polkky.com\/fi\/artikkelit\/tarinat\/metsa-ei-ole-pikavoittoja-varten\/"},"author":{"name":"Niko Vesalainen","@id":"https:\/\/polkky.com\/#\/schema\/person\/b8c4867b6c6bcce5da15667ea8598b5e"},"headline":"Mets\u00e4 ei ole pikavoittoja varten","datePublished":"2019-01-16T07:58:14+00:00","dateModified":"2019-02-19T12:17:22+00:00","mainEntityOfPage":{"@id":"https:\/\/polkky.com\/fi\/artikkelit\/tarinat\/metsa-ei-ole-pikavoittoja-varten\/"},"wordCount":832,"publisher":{"@id":"https:\/\/polkky.com\/#organization"},"articleSection":["P\u00f6lkyn tarinat"],"inLanguage":"fi"},{"@type":"WebPage","@id":"https:\/\/polkky.com\/fi\/artikkelit\/tarinat\/metsa-ei-ole-pikavoittoja-varten\/","url":"https:\/\/polkky.com\/fi\/artikkelit\/tarinat\/metsa-ei-ole-pikavoittoja-varten\/","name":"Mets\u00e4 ei ole pikavoittoja varten - Po\u0308lkky","isPartOf":{"@id":"https:\/\/polkky.com\/#website"},"datePublished":"2019-01-16T07:58:14+00:00","dateModified":"2019-02-19T12:17:22+00:00","breadcrumb":{"@id":"https:\/\/polkky.com\/fi\/artikkelit\/tarinat\/metsa-ei-ole-pikavoittoja-varten\/#breadcrumb"},"inLanguage":"fi","potentialAction":[{"@type":"ReadAction","target":["https:\/\/polkky.com\/fi\/artikkelit\/tarinat\/metsa-ei-ole-pikavoittoja-varten\/"]}]},{"@type":"BreadcrumbList","@id":"https:\/\/polkky.com\/fi\/artikkelit\/tarinat\/metsa-ei-ole-pikavoittoja-varten\/#breadcrumb","itemListElement":[{"@type":"ListItem","position":1,"name":"Home","item":"https:\/\/polkky.com\/fi\/"},{"@type":"ListItem","position":2,"name":"Mets\u00e4 ei ole pikavoittoja varten"}]},{"@type":"WebSite","@id":"https:\/\/polkky.com\/#website","url":"https:\/\/polkky.com\/","name":"Po\u0308lkky","description":"","publisher":{"@id":"https:\/\/polkky.com\/#organization"},"potentialAction":[{"@type":"SearchAction","target":{"@type":"EntryPoint","urlTemplate":"https:\/\/polkky.com\/?s={search_term_string}"},"query-input":"required name=search_term_string"}],"inLanguage":"fi"},{"@type":"Organization","@id":"https:\/\/polkky.com\/#organization","name":"P\u00f6lkky Oy","url":"https:\/\/polkky.com\/","logo":{"@type":"ImageObject","inLanguage":"fi","@id":"https:\/\/polkky.com\/#\/schema\/logo\/image\/","url":"https:\/\/polkky.com\/wp-content\/uploads\/2018\/09\/logo-small.svg","contentUrl":"https:\/\/polkky.com\/wp-content\/uploads\/2018\/09\/logo-small.svg","width":119,"height":24,"caption":"P\u00f6lkky Oy"},"image":{"@id":"https:\/\/polkky.com\/#\/schema\/logo\/image\/"},"sameAs":["https:\/\/www.facebook.com\/P\u00f6lkky-Oy-201264536571431\/","https:\/\/www.linkedin.com\/company\/polkky"]},{"@type":"Person","@id":"https:\/\/polkky.com\/#\/schema\/person\/b8c4867b6c6bcce5da15667ea8598b5e","name":"Niko Vesalainen","image":{"@type":"ImageObject","inLanguage":"fi","@id":"https:\/\/polkky.com\/#\/schema\/person\/image\/","url":"https:\/\/secure.gravatar.com\/avatar\/08a0491265ca65b12418bbb68de6587f?s=96&d=mm&r=g","contentUrl":"https:\/\/secure.gravatar.com\/avatar\/08a0491265ca65b12418bbb68de6587f?s=96&d=mm&r=g","caption":"Niko Vesalainen"}}]}},"_links":{"self":[{"href":"https:\/\/polkky.com\/fi\/wp-json\/wp\/v2\/posts\/1293"}],"collection":[{"href":"https:\/\/polkky.com\/fi\/wp-json\/wp\/v2\/posts"}],"about":[{"href":"https:\/\/polkky.com\/fi\/wp-json\/wp\/v2\/types\/post"}],"author":[{"embeddable":true,"href":"https:\/\/polkky.com\/fi\/wp-json\/wp\/v2\/users\/2"}],"replies":[{"embeddable":true,"href":"https:\/\/polkky.com\/fi\/wp-json\/wp\/v2\/comments?post=1293"}],"version-history":[{"count":0,"href":"https:\/\/polkky.com\/fi\/wp-json\/wp\/v2\/posts\/1293\/revisions"}],"wp:featuredmedia":[{"embeddable":true,"href":"https:\/\/polkky.com\/fi\/wp-json\/wp\/v2\/media\/1300"}],"wp:attachment":[{"href":"https:\/\/polkky.com\/fi\/wp-json\/wp\/v2\/media?parent=1293"}],"wp:term":[{"taxonomy":"category","embeddable":true,"href":"https:\/\/polkky.com\/fi\/wp-json\/wp\/v2\/categories?post=1293"},{"taxonomy":"post_tag","embeddable":true,"href":"https:\/\/polkky.com\/fi\/wp-json\/wp\/v2\/tags?post=1293"}],"curies":[{"name":"wp","href":"https:\/\/api.w.org\/{rel}","templated":true}]}}