{"id":5388,"date":"2025-03-18T16:53:22","date_gmt":"2025-03-18T14:53:22","guid":{"rendered":"https:\/\/polkky.com\/?p=5388"},"modified":"2025-03-18T17:05:36","modified_gmt":"2025-03-18T15:05:36","slug":"polkky-takes-part-in-the-ponsse-tour-in-vierema","status":"publish","type":"post","link":"https:\/\/polkky.com\/fi\/artikkelit\/polkky-takes-part-in-the-ponsse-tour-in-vierema\/","title":{"rendered":"P\u00f6lkky mukana Ponssen juhlavuoden savottakiertueella Vierem\u00e4ll\u00e4!"},"content":{"rendered":"<p>Ponsse j\u00e4rjest\u00e4\u00e4 yhteisty\u00f6ss\u00e4 P\u00f6lkyn kanssa puunkorjuun\u00e4yt\u00f6ksen Ponssen 55 vuotisen taipaleen kunniaksi Vierem\u00e4ll\u00e4 25.3. klo 16 \u2013 19. Tapahtumassa p\u00e4\u00e4set seuraamaan ty\u00f6n\u00e4yt\u00f6ksi\u00e4 sek\u00e4 tutustumaan Ponssen uusimpaan konekalustoon sek\u00e4 nykyaikaisiin digitaalisiin ratkaisuihin puunkorjuussa. Tapahtumassa paikalla my\u00f6s P\u00f6lkyn mets\u00e4asiantuntijat joita voit haastatella puukaupan n\u00e4kymist\u00e4.<\/p>\n<p><strong>Tapahtuman osoite:\u00a0<\/strong>Ponssentie 140, 74200 Vierem\u00e4<\/p>\n<p><strong>Savottakiertueen tapahtumassa:<\/strong><\/p>\n<ul>\n<li>Savottakahvit<\/li>\n<li>Ty\u00f6n\u00e4yt\u00f6ksi\u00e4<\/li>\n<li>Ponsse Collection -myyntipiste<\/li>\n<li>Varaosatarjouksia ja kilpailuja<\/li>\n<li>Esittelyss\u00e4 mm.\n<ul>\n<li>Uusi Ponsse Greasing System<\/li>\n<li>Ponssen digitaaliset ratkaisut<\/li>\n<li>Uusia Ponsse-koneita:\n<ul>\n<li>PONSSE Buffalo (K111, Active Crane)<\/li>\n<li>PONSSE Scorpion (H6, Active Crane, eArmrests)<\/li>\n<li>Uusi PONSSE Wisent (Active Cabin, Active Crane)<\/li>\n<li>PONSSE Ergo (C44, uusi H7, Greasing System)<\/li>\n<\/ul>\n<\/li>\n<\/ul>\n<\/li>\n<\/ul>\n<p><strong>Tapahtuman juontaa Helena Riihitupa.<\/strong><\/p>\n","protected":false},"excerpt":{"rendered":"<p>Ponsse j\u00e4rjest\u00e4\u00e4 yhteisty\u00f6ss\u00e4 P\u00f6lkyn kanssa puunkorjuun\u00e4yt\u00f6ksen Ponssen 55 vuotisen taipaleen kunniaksi Vierem\u00e4ll\u00e4 25.3. klo 16 \u2013 19. Tapahtumassa p\u00e4\u00e4set seuraamaan ty\u00f6n\u00e4yt\u00f6ksi\u00e4 sek\u00e4 tutustumaan Ponssen uusimpaan konekalustoon sek\u00e4 nykyaikaisiin digitaalisiin ratkaisuihin puunkorjuussa. Tapahtumassa paikalla my\u00f6s P\u00f6lkyn mets\u00e4asiantuntijat joita voit haastatella puukaupan n\u00e4kymist\u00e4. Tapahtuman osoite:\u00a0Ponssentie 140, 74200 Vierem\u00e4 Savottakiertueen tapahtumassa: Savottakahvit Ty\u00f6n\u00e4yt\u00f6ksi\u00e4 Ponsse Collection -myyntipiste Varaosatarjouksia ja [&hellip;]<\/p>\n","protected":false},"author":29,"featured_media":5395,"comment_status":"open","ping_status":"open","sticky":false,"template":"","format":"standard","meta":{"inline_featured_image":false},"categories":[34,19],"tags":[],"acf":[],"yoast_head":"<!-- This site is optimized with the Yoast SEO plugin v20.6 - https:\/\/yoast.com\/wordpress\/plugins\/seo\/ -->\n<title>P\u00f6lkky mukana Ponssen juhlavuoden savottakiertueella Vierem\u00e4ll\u00e4! - Po\u0308lkky<\/title>\n<meta name=\"robots\" content=\"index, follow, max-snippet:-1, max-image-preview:large, max-video-preview:-1\" \/>\n<link rel=\"canonical\" href=\"https:\/\/polkky.com\/fi\/artikkelit\/polkky-takes-part-in-the-ponsse-tour-in-vierema\/\" \/>\n<meta property=\"og:locale\" content=\"fi_FI\" \/>\n<meta property=\"og:type\" content=\"article\" \/>\n<meta property=\"og:title\" content=\"P\u00f6lkky mukana Ponssen juhlavuoden savottakiertueella Vierem\u00e4ll\u00e4! - Po\u0308lkky\" \/>\n<meta property=\"og:description\" content=\"Ponsse j\u00e4rjest\u00e4\u00e4 yhteisty\u00f6ss\u00e4 P\u00f6lkyn kanssa puunkorjuun\u00e4yt\u00f6ksen Ponssen 55 vuotisen taipaleen kunniaksi Vierem\u00e4ll\u00e4 25.3. klo 16 \u2013 19. Tapahtumassa p\u00e4\u00e4set seuraamaan ty\u00f6n\u00e4yt\u00f6ksi\u00e4 sek\u00e4 tutustumaan Ponssen uusimpaan konekalustoon sek\u00e4 nykyaikaisiin digitaalisiin ratkaisuihin puunkorjuussa. Tapahtumassa paikalla my\u00f6s P\u00f6lkyn mets\u00e4asiantuntijat joita voit haastatella puukaupan n\u00e4kymist\u00e4. Tapahtuman osoite:\u00a0Ponssentie 140, 74200 Vierem\u00e4 Savottakiertueen tapahtumassa: Savottakahvit Ty\u00f6n\u00e4yt\u00f6ksi\u00e4 Ponsse Collection -myyntipiste Varaosatarjouksia ja [&hellip;]\" \/>\n<meta property=\"og:url\" content=\"https:\/\/polkky.com\/fi\/artikkelit\/polkky-takes-part-in-the-ponsse-tour-in-vierema\/\" \/>\n<meta property=\"og:site_name\" content=\"Po\u0308lkky\" \/>\n<meta property=\"article:publisher\" content=\"https:\/\/www.facebook.com\/P%c3%b6lkky-Oy-201264536571431\/\" \/>\n<meta property=\"article:published_time\" content=\"2025-03-18T14:53:22+00:00\" \/>\n<meta property=\"article:modified_time\" content=\"2025-03-18T15:05:36+00:00\" \/>\n<meta property=\"og:image\" content=\"https:\/\/polkky.com\/wp-content\/uploads\/2025\/03\/Ponsse-55-vuotta_polkky-2.jpg\" \/>\n\t<meta property=\"og:image:width\" content=\"1280\" \/>\n\t<meta property=\"og:image:height\" content=\"720\" \/>\n\t<meta property=\"og:image:type\" content=\"image\/jpeg\" \/>\n<meta name=\"author\" content=\"Jussi Peltola\" \/>\n<meta name=\"twitter:card\" content=\"summary_large_image\" \/>\n<meta name=\"twitter:label1\" content=\"Kirjoittanut\" \/>\n\t<meta name=\"twitter:data1\" content=\"Jussi Peltola\" \/>\n\t<meta name=\"twitter:label2\" content=\"Arvioitu lukuaika\" \/>\n\t<meta name=\"twitter:data2\" content=\"1 minuutti\" \/>\n<script type=\"application\/ld+json\" class=\"yoast-schema-graph\">{\"@context\":\"https:\/\/schema.org\",\"@graph\":[{\"@type\":\"Article\",\"@id\":\"https:\/\/polkky.com\/fi\/artikkelit\/polkky-takes-part-in-the-ponsse-tour-in-vierema\/#article\",\"isPartOf\":{\"@id\":\"https:\/\/polkky.com\/fi\/artikkelit\/polkky-takes-part-in-the-ponsse-tour-in-vierema\/\"},\"author\":{\"name\":\"Jussi Peltola\",\"@id\":\"https:\/\/polkky.com\/#\/schema\/person\/cba1b8a071c273c1bab526e5472ae1d8\"},\"headline\":\"P\u00f6lkky mukana Ponssen juhlavuoden savottakiertueella Vierem\u00e4ll\u00e4!\",\"datePublished\":\"2025-03-18T14:53:22+00:00\",\"dateModified\":\"2025-03-18T15:05:36+00:00\",\"mainEntityOfPage\":{\"@id\":\"https:\/\/polkky.com\/fi\/artikkelit\/polkky-takes-part-in-the-ponsse-tour-in-vierema\/\"},\"wordCount\":115,\"commentCount\":0,\"publisher\":{\"@id\":\"https:\/\/polkky.com\/#organization\"},\"articleSection\":[\"Uutiset\",\"Uutiset &amp; artikkelit\"],\"inLanguage\":\"fi\",\"potentialAction\":[{\"@type\":\"CommentAction\",\"name\":\"Comment\",\"target\":[\"https:\/\/polkky.com\/fi\/artikkelit\/polkky-takes-part-in-the-ponsse-tour-in-vierema\/#respond\"]}]},{\"@type\":\"WebPage\",\"@id\":\"https:\/\/polkky.com\/fi\/artikkelit\/polkky-takes-part-in-the-ponsse-tour-in-vierema\/\",\"url\":\"https:\/\/polkky.com\/fi\/artikkelit\/polkky-takes-part-in-the-ponsse-tour-in-vierema\/\",\"name\":\"P\u00f6lkky mukana Ponssen juhlavuoden savottakiertueella Vierem\u00e4ll\u00e4! - Po\u0308lkky\",\"isPartOf\":{\"@id\":\"https:\/\/polkky.com\/#website\"},\"datePublished\":\"2025-03-18T14:53:22+00:00\",\"dateModified\":\"2025-03-18T15:05:36+00:00\",\"breadcrumb\":{\"@id\":\"https:\/\/polkky.com\/fi\/artikkelit\/polkky-takes-part-in-the-ponsse-tour-in-vierema\/#breadcrumb\"},\"inLanguage\":\"fi\",\"potentialAction\":[{\"@type\":\"ReadAction\",\"target\":[\"https:\/\/polkky.com\/fi\/artikkelit\/polkky-takes-part-in-the-ponsse-tour-in-vierema\/\"]}]},{\"@type\":\"BreadcrumbList\",\"@id\":\"https:\/\/polkky.com\/fi\/artikkelit\/polkky-takes-part-in-the-ponsse-tour-in-vierema\/#breadcrumb\",\"itemListElement\":[{\"@type\":\"ListItem\",\"position\":1,\"name\":\"Home\",\"item\":\"https:\/\/polkky.com\/fi\/\"},{\"@type\":\"ListItem\",\"position\":2,\"name\":\"P\u00f6lkky mukana Ponssen juhlavuoden savottakiertueella Vierem\u00e4ll\u00e4!\"}]},{\"@type\":\"WebSite\",\"@id\":\"https:\/\/polkky.com\/#website\",\"url\":\"https:\/\/polkky.com\/\",\"name\":\"Po\u0308lkky\",\"description\":\"\",\"publisher\":{\"@id\":\"https:\/\/polkky.com\/#organization\"},\"potentialAction\":[{\"@type\":\"SearchAction\",\"target\":{\"@type\":\"EntryPoint\",\"urlTemplate\":\"https:\/\/polkky.com\/?s={search_term_string}\"},\"query-input\":\"required name=search_term_string\"}],\"inLanguage\":\"fi\"},{\"@type\":\"Organization\",\"@id\":\"https:\/\/polkky.com\/#organization\",\"name\":\"P\u00f6lkky Oy\",\"url\":\"https:\/\/polkky.com\/\",\"logo\":{\"@type\":\"ImageObject\",\"inLanguage\":\"fi\",\"@id\":\"https:\/\/polkky.com\/#\/schema\/logo\/image\/\",\"url\":\"https:\/\/polkky.com\/wp-content\/uploads\/2018\/09\/logo-small.svg\",\"contentUrl\":\"https:\/\/polkky.com\/wp-content\/uploads\/2018\/09\/logo-small.svg\",\"width\":119,\"height\":24,\"caption\":\"P\u00f6lkky Oy\"},\"image\":{\"@id\":\"https:\/\/polkky.com\/#\/schema\/logo\/image\/\"},\"sameAs\":[\"https:\/\/www.facebook.com\/P\u00f6lkky-Oy-201264536571431\/\",\"https:\/\/www.linkedin.com\/company\/polkky\"]},{\"@type\":\"Person\",\"@id\":\"https:\/\/polkky.com\/#\/schema\/person\/cba1b8a071c273c1bab526e5472ae1d8\",\"name\":\"Jussi Peltola\",\"image\":{\"@type\":\"ImageObject\",\"inLanguage\":\"fi\",\"@id\":\"https:\/\/polkky.com\/#\/schema\/person\/image\/\",\"url\":\"https:\/\/secure.gravatar.com\/avatar\/60c8e84520bad3cd3a125444ba8539ce?s=96&d=mm&r=g\",\"contentUrl\":\"https:\/\/secure.gravatar.com\/avatar\/60c8e84520bad3cd3a125444ba8539ce?s=96&d=mm&r=g\",\"caption\":\"Jussi Peltola\"}}]}<\/script>\n<!-- \/ Yoast SEO plugin. -->","yoast_head_json":{"title":"P\u00f6lkky mukana Ponssen juhlavuoden savottakiertueella Vierem\u00e4ll\u00e4! - Po\u0308lkky","robots":{"index":"index","follow":"follow","max-snippet":"max-snippet:-1","max-image-preview":"max-image-preview:large","max-video-preview":"max-video-preview:-1"},"canonical":"https:\/\/polkky.com\/fi\/artikkelit\/polkky-takes-part-in-the-ponsse-tour-in-vierema\/","og_locale":"fi_FI","og_type":"article","og_title":"P\u00f6lkky mukana Ponssen juhlavuoden savottakiertueella Vierem\u00e4ll\u00e4! - Po\u0308lkky","og_description":"Ponsse j\u00e4rjest\u00e4\u00e4 yhteisty\u00f6ss\u00e4 P\u00f6lkyn kanssa puunkorjuun\u00e4yt\u00f6ksen Ponssen 55 vuotisen taipaleen kunniaksi Vierem\u00e4ll\u00e4 25.3. klo 16 \u2013 19. Tapahtumassa p\u00e4\u00e4set seuraamaan ty\u00f6n\u00e4yt\u00f6ksi\u00e4 sek\u00e4 tutustumaan Ponssen uusimpaan konekalustoon sek\u00e4 nykyaikaisiin digitaalisiin ratkaisuihin puunkorjuussa. Tapahtumassa paikalla my\u00f6s P\u00f6lkyn mets\u00e4asiantuntijat joita voit haastatella puukaupan n\u00e4kymist\u00e4. Tapahtuman osoite:\u00a0Ponssentie 140, 74200 Vierem\u00e4 Savottakiertueen tapahtumassa: Savottakahvit Ty\u00f6n\u00e4yt\u00f6ksi\u00e4 Ponsse Collection -myyntipiste Varaosatarjouksia ja [&hellip;]","og_url":"https:\/\/polkky.com\/fi\/artikkelit\/polkky-takes-part-in-the-ponsse-tour-in-vierema\/","og_site_name":"Po\u0308lkky","article_publisher":"https:\/\/www.facebook.com\/P%c3%b6lkky-Oy-201264536571431\/","article_published_time":"2025-03-18T14:53:22+00:00","article_modified_time":"2025-03-18T15:05:36+00:00","og_image":[{"width":1280,"height":720,"url":"https:\/\/polkky.com\/wp-content\/uploads\/2025\/03\/Ponsse-55-vuotta_polkky-2.jpg","type":"image\/jpeg"}],"author":"Jussi Peltola","twitter_card":"summary_large_image","twitter_misc":{"Kirjoittanut":"Jussi Peltola","Arvioitu lukuaika":"1 minuutti"},"schema":{"@context":"https:\/\/schema.org","@graph":[{"@type":"Article","@id":"https:\/\/polkky.com\/fi\/artikkelit\/polkky-takes-part-in-the-ponsse-tour-in-vierema\/#article","isPartOf":{"@id":"https:\/\/polkky.com\/fi\/artikkelit\/polkky-takes-part-in-the-ponsse-tour-in-vierema\/"},"author":{"name":"Jussi Peltola","@id":"https:\/\/polkky.com\/#\/schema\/person\/cba1b8a071c273c1bab526e5472ae1d8"},"headline":"P\u00f6lkky mukana Ponssen juhlavuoden savottakiertueella Vierem\u00e4ll\u00e4!","datePublished":"2025-03-18T14:53:22+00:00","dateModified":"2025-03-18T15:05:36+00:00","mainEntityOfPage":{"@id":"https:\/\/polkky.com\/fi\/artikkelit\/polkky-takes-part-in-the-ponsse-tour-in-vierema\/"},"wordCount":115,"commentCount":0,"publisher":{"@id":"https:\/\/polkky.com\/#organization"},"articleSection":["Uutiset","Uutiset &amp; artikkelit"],"inLanguage":"fi","potentialAction":[{"@type":"CommentAction","name":"Comment","target":["https:\/\/polkky.com\/fi\/artikkelit\/polkky-takes-part-in-the-ponsse-tour-in-vierema\/#respond"]}]},{"@type":"WebPage","@id":"https:\/\/polkky.com\/fi\/artikkelit\/polkky-takes-part-in-the-ponsse-tour-in-vierema\/","url":"https:\/\/polkky.com\/fi\/artikkelit\/polkky-takes-part-in-the-ponsse-tour-in-vierema\/","name":"P\u00f6lkky mukana Ponssen juhlavuoden savottakiertueella Vierem\u00e4ll\u00e4! - Po\u0308lkky","isPartOf":{"@id":"https:\/\/polkky.com\/#website"},"datePublished":"2025-03-18T14:53:22+00:00","dateModified":"2025-03-18T15:05:36+00:00","breadcrumb":{"@id":"https:\/\/polkky.com\/fi\/artikkelit\/polkky-takes-part-in-the-ponsse-tour-in-vierema\/#breadcrumb"},"inLanguage":"fi","potentialAction":[{"@type":"ReadAction","target":["https:\/\/polkky.com\/fi\/artikkelit\/polkky-takes-part-in-the-ponsse-tour-in-vierema\/"]}]},{"@type":"BreadcrumbList","@id":"https:\/\/polkky.com\/fi\/artikkelit\/polkky-takes-part-in-the-ponsse-tour-in-vierema\/#breadcrumb","itemListElement":[{"@type":"ListItem","position":1,"name":"Home","item":"https:\/\/polkky.com\/fi\/"},{"@type":"ListItem","position":2,"name":"P\u00f6lkky mukana Ponssen juhlavuoden savottakiertueella Vierem\u00e4ll\u00e4!"}]},{"@type":"WebSite","@id":"https:\/\/polkky.com\/#website","url":"https:\/\/polkky.com\/","name":"Po\u0308lkky","description":"","publisher":{"@id":"https:\/\/polkky.com\/#organization"},"potentialAction":[{"@type":"SearchAction","target":{"@type":"EntryPoint","urlTemplate":"https:\/\/polkky.com\/?s={search_term_string}"},"query-input":"required name=search_term_string"}],"inLanguage":"fi"},{"@type":"Organization","@id":"https:\/\/polkky.com\/#organization","name":"P\u00f6lkky Oy","url":"https:\/\/polkky.com\/","logo":{"@type":"ImageObject","inLanguage":"fi","@id":"https:\/\/polkky.com\/#\/schema\/logo\/image\/","url":"https:\/\/polkky.com\/wp-content\/uploads\/2018\/09\/logo-small.svg","contentUrl":"https:\/\/polkky.com\/wp-content\/uploads\/2018\/09\/logo-small.svg","width":119,"height":24,"caption":"P\u00f6lkky Oy"},"image":{"@id":"https:\/\/polkky.com\/#\/schema\/logo\/image\/"},"sameAs":["https:\/\/www.facebook.com\/P\u00f6lkky-Oy-201264536571431\/","https:\/\/www.linkedin.com\/company\/polkky"]},{"@type":"Person","@id":"https:\/\/polkky.com\/#\/schema\/person\/cba1b8a071c273c1bab526e5472ae1d8","name":"Jussi Peltola","image":{"@type":"ImageObject","inLanguage":"fi","@id":"https:\/\/polkky.com\/#\/schema\/person\/image\/","url":"https:\/\/secure.gravatar.com\/avatar\/60c8e84520bad3cd3a125444ba8539ce?s=96&d=mm&r=g","contentUrl":"https:\/\/secure.gravatar.com\/avatar\/60c8e84520bad3cd3a125444ba8539ce?s=96&d=mm&r=g","caption":"Jussi Peltola"}}]}},"_links":{"self":[{"href":"https:\/\/polkky.com\/fi\/wp-json\/wp\/v2\/posts\/5388"}],"collection":[{"href":"https:\/\/polkky.com\/fi\/wp-json\/wp\/v2\/posts"}],"about":[{"href":"https:\/\/polkky.com\/fi\/wp-json\/wp\/v2\/types\/post"}],"author":[{"embeddable":true,"href":"https:\/\/polkky.com\/fi\/wp-json\/wp\/v2\/users\/29"}],"replies":[{"embeddable":true,"href":"https:\/\/polkky.com\/fi\/wp-json\/wp\/v2\/comments?post=5388"}],"version-history":[{"count":0,"href":"https:\/\/polkky.com\/fi\/wp-json\/wp\/v2\/posts\/5388\/revisions"}],"wp:featuredmedia":[{"embeddable":true,"href":"https:\/\/polkky.com\/fi\/wp-json\/wp\/v2\/media\/5395"}],"wp:attachment":[{"href":"https:\/\/polkky.com\/fi\/wp-json\/wp\/v2\/media?parent=5388"}],"wp:term":[{"taxonomy":"category","embeddable":true,"href":"https:\/\/polkky.com\/fi\/wp-json\/wp\/v2\/categories?post=5388"},{"taxonomy":"post_tag","embeddable":true,"href":"https:\/\/polkky.com\/fi\/wp-json\/wp\/v2\/tags?post=5388"}],"curies":[{"name":"wp","href":"https:\/\/api.w.org\/{rel}","templated":true}]}}